{"id":971,"count":0,"description":"Keiller Zed est chef, Relations gouvernementales et Affaires ext\u00e9rieures chez Interac, o\u00f9 il dirige la strat\u00e9gie d\u2019engagement externe de l\u2019organisation, \u00e9tablit des relations avec les intervenants du secteur public canadien et repr\u00e9sente Interac dans des forums cl\u00e9s de l\u2019industrie pour faire progresser l\u2019\u00e9conomie num\u00e9rique du Canada. Il poss\u00e8de pr\u00e8s de 15 ans d\u2019exp\u00e9rience dans les affaires publiques, les communications d\u2019entreprise et le travail de consultation strat\u00e9gique. Plus r\u00e9cemment, Keiller a occup\u00e9 le poste de vice-pr\u00e9sident, Conseils d\u2019entreprise et affaires publiques chez Hill &amp; Knowlton (Burson), o\u00f9 il a dirig\u00e9 de grands comptes nationaux et conseill\u00e9 les cadres sup\u00e9rieurs sur l\u2019harmonisation des priorit\u00e9s commerciales avec les objectifs de politique publique et de r\u00e9putation \u00e0 long terme. Au d\u00e9but de sa carri\u00e8re, il a occup\u00e9 pendant pr\u00e8s d\u2019une d\u00e9cennie des postes gouvernementaux et politiques au Canada et au Royaume-Uni, conseillant des hauts dirigeants et appuyant des campagnes. Il est titulaire d\u2019une ma\u00eetrise en relations internationales de la Royal Holloway, University de Londres, d\u2019une ma\u00eetrise en politique publique du King\u2019s College de Londres et d\u2019un baccalaur\u00e9at en sciences politiques de l\u2019Universit\u00e9 St. Francis Xavier.","link":"https:\/\/www.interac.ca\/fr\/porte-paroles\/keiller-zed\/","name":"Keiller Zed","slug":"keiller-zed","taxonomy":"spokespeople","parent":0,"meta":[],"acf":[],"yoast_head":"<!-- This site is optimized with the Yoast SEO Premium plugin v27.4 (Yoast SEO v27.4) - https:\/\/yoast.com\/product\/yoast-seo-premium-wordpress\/ -->\n<title>Keiller Zed, chef des relations gouvernementales - Interac<\/title>\n<meta name=\"description\" content=\"D\u00e9couvrez Keiller Zed, chef des relations gouvernementales et des affaires externes chez Interac, ax\u00e9 sur les politiques publiques et l\u2019\u00e9conomie num\u00e9rique.\" \/>\n<meta name=\"robots\" content=\"index, follow, max-snippet:-1, max-image-preview:large, max-video-preview:-1\" \/>\n<link rel=\"canonical\" href=\"https:\/\/www.interac.ca\/fr\/porte-paroles\/keiller-zed\/\" \/>\n<meta property=\"og:locale\" content=\"fr_CA\" \/>\n<meta property=\"og:type\" content=\"article\" \/>\n<meta property=\"og:title\" content=\"Keiller Zed Archives\" \/>\n<meta property=\"og:url\" content=\"https:\/\/www.interac.ca\/fr\/porte-paroles\/keiller-zed\/\" \/>\n<meta property=\"og:site_name\" content=\"Interac\" \/>\n<meta name=\"twitter:card\" content=\"summary_large_image\" \/>\n<meta name=\"twitter:site\" content=\"@interac\" \/>\n<script type=\"application\/ld+json\" class=\"yoast-schema-graph\">{\"@context\":\"https:\\\/\\\/schema.org\",\"@graph\":[{\"@type\":\"CollectionPage\",\"@id\":\"https:\\\/\\\/www.interac.ca\\\/fr\\\/porte-paroles\\\/keiller-zed\\\/\",\"url\":\"https:\\\/\\\/www.interac.ca\\\/fr\\\/porte-paroles\\\/keiller-zed\\\/\",\"name\":\"Keiller Zed, chef des relations gouvernementales - Interac\",\"isPartOf\":{\"@id\":\"https:\\\/\\\/www.interac.ca\\\/fr\\\/#website\"},\"description\":\"D\u00e9couvrez Keiller Zed, chef des relations gouvernementales et des affaires externes chez Interac, ax\u00e9 sur les politiques publiques et l\u2019\u00e9conomie num\u00e9rique.\",\"breadcrumb\":{\"@id\":\"https:\\\/\\\/www.interac.ca\\\/fr\\\/porte-paroles\\\/keiller-zed\\\/#breadcrumb\"},\"inLanguage\":\"fr-CA\"},{\"@type\":\"BreadcrumbList\",\"@id\":\"https:\\\/\\\/www.interac.ca\\\/fr\\\/porte-paroles\\\/keiller-zed\\\/#breadcrumb\",\"itemListElement\":[{\"@type\":\"ListItem\",\"position\":1,\"name\":\"Accueil\",\"item\":\"https:\\\/\\\/www.interac.ca\\\/fr\\\/\"},{\"@type\":\"ListItem\",\"position\":2,\"name\":\"Keiller Zed\"}]},{\"@type\":\"WebSite\",\"@id\":\"https:\\\/\\\/www.interac.ca\\\/fr\\\/#website\",\"url\":\"https:\\\/\\\/www.interac.ca\\\/fr\\\/\",\"name\":\"Interac\",\"description\":\"\",\"publisher\":{\"@id\":\"https:\\\/\\\/www.interac.ca\\\/fr\\\/#organization\"},\"potentialAction\":[{\"@type\":\"SearchAction\",\"target\":{\"@type\":\"EntryPoint\",\"urlTemplate\":\"https:\\\/\\\/www.interac.ca\\\/fr\\\/?s={search_term_string}\"},\"query-input\":{\"@type\":\"PropertyValueSpecification\",\"valueRequired\":true,\"valueName\":\"search_term_string\"}}],\"inLanguage\":\"fr-CA\"},{\"@type\":\"Organization\",\"@id\":\"https:\\\/\\\/www.interac.ca\\\/fr\\\/#organization\",\"name\":\"Interac Corp.\",\"url\":\"https:\\\/\\\/www.interac.ca\\\/fr\\\/\",\"logo\":{\"@type\":\"ImageObject\",\"inLanguage\":\"fr-CA\",\"@id\":\"https:\\\/\\\/www.interac.ca\\\/fr\\\/#\\\/schema\\\/logo\\\/image\\\/\",\"url\":\"https:\\\/\\\/www.interac.ca\\\/wp-content\\\/uploads\\\/2022\\\/03\\\/Interac_Two-Colour_RGB.png\",\"contentUrl\":\"https:\\\/\\\/www.interac.ca\\\/wp-content\\\/uploads\\\/2022\\\/03\\\/Interac_Two-Colour_RGB.png\",\"width\":2210,\"height\":2210,\"caption\":\"Interac Corp.\"},\"image\":{\"@id\":\"https:\\\/\\\/www.interac.ca\\\/fr\\\/#\\\/schema\\\/logo\\\/image\\\/\"},\"sameAs\":[\"https:\\\/\\\/www.facebook.com\\\/interac\",\"https:\\\/\\\/x.com\\\/interac\",\"https:\\\/\\\/www.instagram.com\\\/interac\\\/\",\"https:\\\/\\\/www.linkedin.com\\\/company\\\/interac-corp\\\/\",\"https:\\\/\\\/www.youtube.com\\\/user\\\/InteracBrand\"]}]}<\/script>\n<!-- \/ Yoast SEO Premium plugin. -->","yoast_head_json":{"title":"Keiller Zed, chef des relations gouvernementales - Interac","description":"D\u00e9couvrez Keiller Zed, chef des relations gouvernementales et des affaires externes chez Interac, ax\u00e9 sur les politiques publiques et l\u2019\u00e9conomie num\u00e9rique.","robots":{"index":"index","follow":"follow","max-snippet":"max-snippet:-1","max-image-preview":"max-image-preview:large","max-video-preview":"max-video-preview:-1"},"canonical":"https:\/\/www.interac.ca\/fr\/porte-paroles\/keiller-zed\/","og_locale":"fr_CA","og_type":"article","og_title":"Keiller Zed Archives","og_url":"https:\/\/www.interac.ca\/fr\/porte-paroles\/keiller-zed\/","og_site_name":"Interac","twitter_card":"summary_large_image","twitter_site":"@interac","schema":{"@context":"https:\/\/schema.org","@graph":[{"@type":"CollectionPage","@id":"https:\/\/www.interac.ca\/fr\/porte-paroles\/keiller-zed\/","url":"https:\/\/www.interac.ca\/fr\/porte-paroles\/keiller-zed\/","name":"Keiller Zed, chef des relations gouvernementales - Interac","isPartOf":{"@id":"https:\/\/www.interac.ca\/fr\/#website"},"description":"D\u00e9couvrez Keiller Zed, chef des relations gouvernementales et des affaires externes chez Interac, ax\u00e9 sur les politiques publiques et l\u2019\u00e9conomie num\u00e9rique.","breadcrumb":{"@id":"https:\/\/www.interac.ca\/fr\/porte-paroles\/keiller-zed\/#breadcrumb"},"inLanguage":"fr-CA"},{"@type":"BreadcrumbList","@id":"https:\/\/www.interac.ca\/fr\/porte-paroles\/keiller-zed\/#breadcrumb","itemListElement":[{"@type":"ListItem","position":1,"name":"Accueil","item":"https:\/\/www.interac.ca\/fr\/"},{"@type":"ListItem","position":2,"name":"Keiller Zed"}]},{"@type":"WebSite","@id":"https:\/\/www.interac.ca\/fr\/#website","url":"https:\/\/www.interac.ca\/fr\/","name":"Interac","description":"","publisher":{"@id":"https:\/\/www.interac.ca\/fr\/#organization"},"potentialAction":[{"@type":"SearchAction","target":{"@type":"EntryPoint","urlTemplate":"https:\/\/www.interac.ca\/fr\/?s={search_term_string}"},"query-input":{"@type":"PropertyValueSpecification","valueRequired":true,"valueName":"search_term_string"}}],"inLanguage":"fr-CA"},{"@type":"Organization","@id":"https:\/\/www.interac.ca\/fr\/#organization","name":"Interac Corp.","url":"https:\/\/www.interac.ca\/fr\/","logo":{"@type":"ImageObject","inLanguage":"fr-CA","@id":"https:\/\/www.interac.ca\/fr\/#\/schema\/logo\/image\/","url":"https:\/\/www.interac.ca\/wp-content\/uploads\/2022\/03\/Interac_Two-Colour_RGB.png","contentUrl":"https:\/\/www.interac.ca\/wp-content\/uploads\/2022\/03\/Interac_Two-Colour_RGB.png","width":2210,"height":2210,"caption":"Interac Corp."},"image":{"@id":"https:\/\/www.interac.ca\/fr\/#\/schema\/logo\/image\/"},"sameAs":["https:\/\/www.facebook.com\/interac","https:\/\/x.com\/interac","https:\/\/www.instagram.com\/interac\/","https:\/\/www.linkedin.com\/company\/interac-corp\/","https:\/\/www.youtube.com\/user\/InteracBrand"]}]}},"_links":{"self":[{"href":"https:\/\/www.interac.ca\/fr\/wp-json\/wp\/v2\/spokespeople\/971","targetHints":{"allow":["GET"]}}],"collection":[{"href":"https:\/\/www.interac.ca\/fr\/wp-json\/wp\/v2\/spokespeople"}],"about":[{"href":"https:\/\/www.interac.ca\/fr\/wp-json\/wp\/v2\/taxonomies\/spokespeople"}],"wp:post_type":[{"href":"https:\/\/www.interac.ca\/fr\/wp-json\/wp\/v2\/content?spokespeople=971"}],"curies":[{"name":"wp","href":"https:\/\/api.w.org\/{rel}","templated":true}]}}